{"id":19112,"date":"2026-03-02T10:55:42","date_gmt":"2026-03-02T09:55:42","guid":{"rendered":"https:\/\/www.randabergskolen.no\/harestad\/?p=19112"},"modified":"2026-03-02T10:57:21","modified_gmt":"2026-03-02T09:57:21","slug":"velkommen-til-harestad-skole-1-klasse-2026-2027","status":"publish","type":"post","link":"https:\/\/www.randabergskolen.no\/harestad\/?p=19112","title":{"rendered":"Velkommen til Harestad skole 1. klasse 2026\/2027"},"content":{"rendered":"\n<figure class=\"wp-block-image size-full\"><img loading=\"lazy\" decoding=\"async\" width=\"275\" height=\"183\" src=\"https:\/\/www.randabergskolen.no\/harestad\/wp-content\/uploads\/sites\/11\/2026\/03\/image.png\" alt=\"\" class=\"wp-image-19113\" srcset=\"https:\/\/www.randabergskolen.no\/harestad\/wp-content\/uploads\/sites\/11\/2026\/03\/image.png 275w, https:\/\/www.randabergskolen.no\/harestad\/wp-content\/uploads\/sites\/11\/2026\/03\/image-150x100.png 150w\" sizes=\"auto, (max-width: 275px) 100vw, 275px\" \/><\/figure>\n\n\n\n<p>Etter sommeren skal dere begynne p\u00e5 skolen, og mange av dere p\u00e5 SFO. Vi gleder oss til \u00e5 ta imot dere i august! F\u00f8r det skal vi f\u00e5 treffe dere&nbsp;&nbsp;og foreldrene deres&nbsp;flere ganger. N\u00e5 har vi sendt et&nbsp;<a href=\"https:\/\/drive.google.com\/file\/d\/1dyrI1X1beQJFiYccWeLHdKJEMEf_B04r\/view?usp=sharing\" rel=\"noreferrer noopener\" target=\"_blank\">digitalt brev<\/a>&nbsp;til dere om at du skal begynne p\u00e5 skolen. I det brevet st\u00e5r datoene vi skal treffes, og hva foreldrene m\u00e5 gj\u00f8re f\u00f8r det.&nbsp;<\/p>\n\n\n\n<p><strong>Her er de viktigste datoene:<\/strong><\/p>\n\n\n\n<ul class=\"wp-block-list\">\n<li>Innskriving\u00a0er torsdag\u00a026. mars, kl 17:00-18:30.\u00a0<\/li>\n\n\n\n<li>S\u00f8knadsfrist SFO er 1. april.\u00a0<a href=\"https:\/\/docs.google.com\/document\/d\/1daBAYmbxBSQrBTYVNmjg894cm5CJ2iDux4utSGH9pvo\/edit#heading=h.44qn2irgq5v5\" target=\"_blank\" rel=\"noreferrer noopener\">Her<\/a>\u00a0finner du veiledning til hvordan du s\u00f8ker.<\/li>\n\n\n\n<li>Bli kjent-dag torsdag, 28. mai, kl 17:00-18:00.<\/li>\n\n\n\n<li>SFO starter mandag 3. august 2026.<\/li>\n\n\n\n<li>Skolestart er torsdag 13. august 2026, kl 09:00.<\/li>\n<\/ul>\n","protected":false},"excerpt":{"rendered":"<p>Etter sommeren skal dere begynne p\u00e5 skolen, og mange av dere p\u00e5 SFO. Vi gleder oss til \u00e5 ta imot dere i august! F\u00f8r det skal vi f\u00e5 treffe dere&nbsp;&nbsp;og foreldrene deres&nbsp;flere ganger. N\u00e5 har vi sendt et&nbsp;digitalt brev&nbsp;til dere om at du skal begynne p\u00e5 skolen. I det brevet st\u00e5r datoene vi skal treffes, [&hellip;]<\/p>\n","protected":false},"author":203,"featured_media":0,"comment_status":"closed","ping_status":"closed","sticky":true,"template":"","format":"standard","meta":{"footnotes":""},"categories":[1],"tags":[],"class_list":["post-19112","post","type-post","status-publish","format-standard","hentry","category-ukategorisert"],"_links":{"self":[{"href":"https:\/\/www.randabergskolen.no\/harestad\/index.php?rest_route=\/wp\/v2\/posts\/19112","targetHints":{"allow":["GET"]}}],"collection":[{"href":"https:\/\/www.randabergskolen.no\/harestad\/index.php?rest_route=\/wp\/v2\/posts"}],"about":[{"href":"https:\/\/www.randabergskolen.no\/harestad\/index.php?rest_route=\/wp\/v2\/types\/post"}],"author":[{"embeddable":true,"href":"https:\/\/www.randabergskolen.no\/harestad\/index.php?rest_route=\/wp\/v2\/users\/203"}],"replies":[{"embeddable":true,"href":"https:\/\/www.randabergskolen.no\/harestad\/index.php?rest_route=%2Fwp%2Fv2%2Fcomments&post=19112"}],"version-history":[{"count":2,"href":"https:\/\/www.randabergskolen.no\/harestad\/index.php?rest_route=\/wp\/v2\/posts\/19112\/revisions"}],"predecessor-version":[{"id":19115,"href":"https:\/\/www.randabergskolen.no\/harestad\/index.php?rest_route=\/wp\/v2\/posts\/19112\/revisions\/19115"}],"wp:attachment":[{"href":"https:\/\/www.randabergskolen.no\/harestad\/index.php?rest_route=%2Fwp%2Fv2%2Fmedia&parent=19112"}],"wp:term":[{"taxonomy":"category","embeddable":true,"href":"https:\/\/www.randabergskolen.no\/harestad\/index.php?rest_route=%2Fwp%2Fv2%2Fcategories&post=19112"},{"taxonomy":"post_tag","embeddable":true,"href":"https:\/\/www.randabergskolen.no\/harestad\/index.php?rest_route=%2Fwp%2Fv2%2Ftags&post=19112"}],"curies":[{"name":"wp","href":"https:\/\/api.w.org\/{rel}","templated":true}]}}