{"id":19009,"date":"2025-06-12T20:06:14","date_gmt":"2025-06-12T18:06:14","guid":{"rendered":"https:\/\/www.randabergskolen.no\/harestad\/?p=19009"},"modified":"2025-06-12T20:06:47","modified_gmt":"2025-06-12T18:06:47","slug":"sommer-i-folkehallene","status":"publish","type":"post","link":"https:\/\/www.randabergskolen.no\/harestad\/?p=19009","title":{"rendered":"Sommer i folkehallene"},"content":{"rendered":"\n<p>Hei alle!<\/p>\n\n\n\n<p>Det n\u00e6rmer seg sommer, og som vanlig \u00e5pnes\u00a0gratistilbudet \u00abSommer i Folkehallene\u00bb i hele skoleferien.<\/p>\n\n\n\n<p>\u00c5rets datoer er 23.juni \u2013 10. august i alle kommuner.<\/p>\n\n\n\n<p>\u00c5pent hver dag kl 10-16<\/p>\n\n\n\n<p>Adgang og l\u00e5n av utstyr er gratis for alle t.o.m 10.klasse<\/p>\n\n\n\n<p><strong>All info p\u00e5&nbsp;<a rel=\"noreferrer noopener\" target=\"_blank\" href=\"https:\/\/eur05.safelinks.protection.outlook.com\/?url=http%3A%2F%2Fwww.sommerifolkehallene.no%2F&amp;data=05%7C02%7CEva.Walde.Lund%40randaberg.kommune.no%7C7113bc7a6a7d4e04ddea08dda9808520%7Ca58a19496188410fa9cd3223c752b035%7C0%7C0%7C638853091646715919%7CUnknown%7CTWFpbGZsb3d8eyJFbXB0eU1hcGkiOnRydWUsIlYiOiIwLjAuMDAwMCIsIlAiOiJXaW4zMiIsIkFOIjoiTWFpbCIsIldUIjoyfQ%3D%3D%7C0%7C%7C%7C&amp;sdata=aU4UJYBlG1jZeVhW8fZreXBt5Q3IJBon2BKn5Wwz9yU%3D&amp;reserved=0\">www.sommerifolkehallene.no<\/a><\/strong><\/p>\n\n\n\n<figure class=\"wp-block-image size-full\"><img loading=\"lazy\" decoding=\"async\" width=\"1024\" height=\"683\" src=\"https:\/\/www.randabergskolen.no\/harestad\/wp-content\/uploads\/sites\/11\/2025\/06\/thumbnail_image001.jpg\" alt=\"\" class=\"wp-image-19010\" srcset=\"https:\/\/www.randabergskolen.no\/harestad\/wp-content\/uploads\/sites\/11\/2025\/06\/thumbnail_image001.jpg 1024w, https:\/\/www.randabergskolen.no\/harestad\/wp-content\/uploads\/sites\/11\/2025\/06\/thumbnail_image001-300x200.jpg 300w, https:\/\/www.randabergskolen.no\/harestad\/wp-content\/uploads\/sites\/11\/2025\/06\/thumbnail_image001-150x100.jpg 150w, https:\/\/www.randabergskolen.no\/harestad\/wp-content\/uploads\/sites\/11\/2025\/06\/thumbnail_image001-768x512.jpg 768w\" sizes=\"auto, (max-width: 1024px) 100vw, 1024px\" \/><\/figure>\n","protected":false},"excerpt":{"rendered":"<p>Hei alle! Det n\u00e6rmer seg sommer, og som vanlig \u00e5pnes\u00a0gratistilbudet \u00abSommer i Folkehallene\u00bb i hele skoleferien. \u00c5rets datoer er 23.juni \u2013 10. august i alle kommuner. \u00c5pent hver dag kl 10-16 Adgang og l\u00e5n av utstyr er gratis for alle t.o.m 10.klasse All info p\u00e5&nbsp;www.sommerifolkehallene.no<\/p>\n","protected":false},"author":203,"featured_media":19010,"comment_status":"closed","ping_status":"closed","sticky":true,"template":"","format":"standard","meta":{"footnotes":""},"categories":[1],"tags":[],"class_list":["post-19009","post","type-post","status-publish","format-standard","has-post-thumbnail","hentry","category-ukategorisert"],"_links":{"self":[{"href":"https:\/\/www.randabergskolen.no\/harestad\/index.php?rest_route=\/wp\/v2\/posts\/19009","targetHints":{"allow":["GET"]}}],"collection":[{"href":"https:\/\/www.randabergskolen.no\/harestad\/index.php?rest_route=\/wp\/v2\/posts"}],"about":[{"href":"https:\/\/www.randabergskolen.no\/harestad\/index.php?rest_route=\/wp\/v2\/types\/post"}],"author":[{"embeddable":true,"href":"https:\/\/www.randabergskolen.no\/harestad\/index.php?rest_route=\/wp\/v2\/users\/203"}],"replies":[{"embeddable":true,"href":"https:\/\/www.randabergskolen.no\/harestad\/index.php?rest_route=%2Fwp%2Fv2%2Fcomments&post=19009"}],"version-history":[{"count":1,"href":"https:\/\/www.randabergskolen.no\/harestad\/index.php?rest_route=\/wp\/v2\/posts\/19009\/revisions"}],"predecessor-version":[{"id":19011,"href":"https:\/\/www.randabergskolen.no\/harestad\/index.php?rest_route=\/wp\/v2\/posts\/19009\/revisions\/19011"}],"wp:featuredmedia":[{"embeddable":true,"href":"https:\/\/www.randabergskolen.no\/harestad\/index.php?rest_route=\/wp\/v2\/media\/19010"}],"wp:attachment":[{"href":"https:\/\/www.randabergskolen.no\/harestad\/index.php?rest_route=%2Fwp%2Fv2%2Fmedia&parent=19009"}],"wp:term":[{"taxonomy":"category","embeddable":true,"href":"https:\/\/www.randabergskolen.no\/harestad\/index.php?rest_route=%2Fwp%2Fv2%2Fcategories&post=19009"},{"taxonomy":"post_tag","embeddable":true,"href":"https:\/\/www.randabergskolen.no\/harestad\/index.php?rest_route=%2Fwp%2Fv2%2Ftags&post=19009"}],"curies":[{"name":"wp","href":"https:\/\/api.w.org\/{rel}","templated":true}]}}