{"id":18763,"date":"2024-08-13T10:13:20","date_gmt":"2024-08-13T08:13:20","guid":{"rendered":"https:\/\/www.randabergskolen.no\/harestad\/?p=18763"},"modified":"2024-08-14T19:11:33","modified_gmt":"2024-08-14T17:11:33","slug":"snart-skolestart-2024-25","status":"publish","type":"post","link":"https:\/\/www.randabergskolen.no\/harestad\/?p=18763","title":{"rendered":"Snart skolestart 2024\/25"},"content":{"rendered":"\n<p>Det n\u00e6rmer seg skolestart. Her kan du finne litt informasjon om oppstart.<\/p>\n\n\n\n<p><strong>Nytt skole\u00e5r 2024\/25<\/strong><\/p>\n\n\n\n<ul class=\"wp-block-list\">\n<li><strong>14., 15. og 16. august 2024:&nbsp;<\/strong>Plandager skole og SFO.<\/li>\n\n\n\n<li><strong>Mandag 19. august:&nbsp;<\/strong>F\u00f8rste skoledag. Kl.08.15 for 2.-7. trinn, 8.30 for ungdomstrinn. 1. trinn som starter kl.09.00.<\/li>\n<\/ul>\n\n\n\n<p>F\u00f8rste skoledag for 2.-10. trinn er en vanlig skoledag. <\/p>\n\n\n\n<p>F\u00f8rste trinn m\u00f8ter 09.00 f\u00f8rste skoledag. De m\u00f8ter da p\u00e5 fotballbanen. Vi stiller opp klassevis. Etter en kort velkomst fra rektor, g\u00e5r elevene med l\u00e6reren sin til klasserommet.  Etterp\u00e5 samles de foresatte i Varen for en kort markering av f\u00f8rste skoledag. <\/p>\n\n\n\n<p><a href=\"https:\/\/docs.google.com\/document\/d\/1G9uexSLa5f1LDYdMi1-AoRmkgXqgoQCzdCRfX4EmP1E\/edit#heading=h.95b3qltjl7fb\">Skoleruta 2024\/25<\/a>. Trykker du p\u00e5 lenken, s\u00e5 ser du n\u00e5r elevens 190 skoledager er dette skole\u00e5ret. Viktig \u00e5 merke seg at fra 1. august er det nye retningslinjer for blant annet permisjoner. Elever kan f\u00e5 inntil 10 dager permisjon \u00e5rlig. Det gir ikke permisjon ut over disse dagene.<\/p>\n","protected":false},"excerpt":{"rendered":"<p>Det n\u00e6rmer seg skolestart. Her kan du finne litt informasjon om oppstart. Nytt skole\u00e5r 2024\/25 F\u00f8rste skoledag for 2.-10. trinn er en vanlig skoledag. F\u00f8rste trinn m\u00f8ter 09.00 f\u00f8rste skoledag. De m\u00f8ter da p\u00e5 fotballbanen. Vi stiller opp klassevis. Etter en kort velkomst fra rektor, g\u00e5r elevene med l\u00e6reren sin til klasserommet. Etterp\u00e5 samles de [&hellip;]<\/p>\n","protected":false},"author":203,"featured_media":0,"comment_status":"closed","ping_status":"","sticky":true,"template":"","format":"standard","meta":{"footnotes":""},"categories":[1],"tags":[],"class_list":["post-18763","post","type-post","status-publish","format-standard","hentry","category-ukategorisert"],"_links":{"self":[{"href":"https:\/\/www.randabergskolen.no\/harestad\/index.php?rest_route=\/wp\/v2\/posts\/18763","targetHints":{"allow":["GET"]}}],"collection":[{"href":"https:\/\/www.randabergskolen.no\/harestad\/index.php?rest_route=\/wp\/v2\/posts"}],"about":[{"href":"https:\/\/www.randabergskolen.no\/harestad\/index.php?rest_route=\/wp\/v2\/types\/post"}],"author":[{"embeddable":true,"href":"https:\/\/www.randabergskolen.no\/harestad\/index.php?rest_route=\/wp\/v2\/users\/203"}],"replies":[{"embeddable":true,"href":"https:\/\/www.randabergskolen.no\/harestad\/index.php?rest_route=%2Fwp%2Fv2%2Fcomments&post=18763"}],"version-history":[{"count":2,"href":"https:\/\/www.randabergskolen.no\/harestad\/index.php?rest_route=\/wp\/v2\/posts\/18763\/revisions"}],"predecessor-version":[{"id":18769,"href":"https:\/\/www.randabergskolen.no\/harestad\/index.php?rest_route=\/wp\/v2\/posts\/18763\/revisions\/18769"}],"wp:attachment":[{"href":"https:\/\/www.randabergskolen.no\/harestad\/index.php?rest_route=%2Fwp%2Fv2%2Fmedia&parent=18763"}],"wp:term":[{"taxonomy":"category","embeddable":true,"href":"https:\/\/www.randabergskolen.no\/harestad\/index.php?rest_route=%2Fwp%2Fv2%2Fcategories&post=18763"},{"taxonomy":"post_tag","embeddable":true,"href":"https:\/\/www.randabergskolen.no\/harestad\/index.php?rest_route=%2Fwp%2Fv2%2Ftags&post=18763"}],"curies":[{"name":"wp","href":"https:\/\/api.w.org\/{rel}","templated":true}]}}