{"id":13960,"date":"2025-08-06T13:44:11","date_gmt":"2025-08-06T11:44:11","guid":{"rendered":"https:\/\/www.randabergskolen.no\/grodem\/?p=13960"},"modified":"2025-08-06T13:50:11","modified_gmt":"2025-08-06T11:50:11","slug":"velkommen-til-nytt-skolear","status":"publish","type":"post","link":"https:\/\/www.randabergskolen.no\/grodem\/?p=13960","title":{"rendered":"Velkommen til nytt skole\u00e5r"},"content":{"rendered":"\n<p>Hei elever, foresatte og personal ved Gr\u00f8dem skole.<\/p>\n\n\n\n<p>N\u00e5 er sommerferien snart forbi og hverdagen er rett rundt hj\u00f8rnet. Administrasjonen har v\u00e6rt tilbake siden mandag 4. og er godt i gang med \u00e5 starte Gr\u00f8dem-maskineriet. N\u00e5 mangler vi snart bare det vesentlige, elever og ansatte. (SFO har v\u00e6rt igang siden mandag denne uken).<\/p>\n\n\n\n<p>Vi gleder oss til et nytt skole\u00e5r. Mye er det samme, men det er ogs\u00e5 mye spennende nytt, s\u00e5 gled dere. Vi gleder oss i hvert fall og ser veldig frem til \u00e5 komme skikkelig i gang.<\/p>\n\n\n\n<p><strong>Litt info i forbindelse med oppstart som er kjekt \u00e5 vite:<\/strong><\/p>\n\n\n\n<p class=\"has-vivid-red-color has-text-color has-link-color wp-elements-c33c18b8c0fa0f52160f65d59ecdfa3b\"><strong>Skolen starter opp for personalet med plandager mandag 11. tirsdag 12. og onsdag 13. august. SFO har plandag 13. august og er stengt denne dagen. F\u00f8rste skoledag for elevene er torsdag 14. august.<\/strong> <\/p>\n\n\n\n<p class=\"has-vivid-cyan-blue-color has-text-color has-link-color wp-elements-4ba9a08ca51e37088bf1ee56b4de2e35\"><strong>NB: 1. trinn starter kl 09:30, 2. &#8211; 10. trinn starter 08:15<\/strong><\/p>\n\n\n\n<p>Mer informasjon er ogs\u00e5 \u00e5 finne p\u00e5 Randaberg kommune sine hjemmesider.<\/p>\n\n\n\n<p class=\"has-luminous-vivid-amber-color has-text-color has-link-color wp-elements-47e2b5cfdb1d1c0542256a356491a237\"><strong>S\u00e5 med dette \u00f8nsker vi alle en flott avsluttning p\u00e5 sommerferien og hjertelig velkommen til nytt skole\u00e5r.<\/strong><\/p>\n\n\n\n<p><em><strong>Mvh Administrasjonen p\u00e5 Gr\u00f8dem skole<\/strong><\/em><\/p>\n","protected":false},"excerpt":{"rendered":"<p>Hei elever, foresatte og personal ved Gr\u00f8dem skole. N\u00e5 er sommerferien snart forbi og hverdagen er rett rundt hj\u00f8rnet. Administrasjonen har v\u00e6rt tilbake siden mandag 4. og er godt i gang med \u00e5 starte Gr\u00f8dem-maskineriet. N\u00e5 mangler vi snart bare det vesentlige, elever og ansatte. (SFO har v\u00e6rt igang siden mandag denne uken). Vi gleder [&hellip;]<\/p>\n","protected":false},"author":508,"featured_media":13963,"comment_status":"closed","ping_status":"","sticky":false,"template":"","format":"standard","meta":{"footnotes":""},"categories":[1],"tags":[],"class_list":["post-13960","post","type-post","status-publish","format-standard","has-post-thumbnail","hentry","category-ukategorisert"],"_links":{"self":[{"href":"https:\/\/www.randabergskolen.no\/grodem\/index.php?rest_route=\/wp\/v2\/posts\/13960","targetHints":{"allow":["GET"]}}],"collection":[{"href":"https:\/\/www.randabergskolen.no\/grodem\/index.php?rest_route=\/wp\/v2\/posts"}],"about":[{"href":"https:\/\/www.randabergskolen.no\/grodem\/index.php?rest_route=\/wp\/v2\/types\/post"}],"author":[{"embeddable":true,"href":"https:\/\/www.randabergskolen.no\/grodem\/index.php?rest_route=\/wp\/v2\/users\/508"}],"replies":[{"embeddable":true,"href":"https:\/\/www.randabergskolen.no\/grodem\/index.php?rest_route=%2Fwp%2Fv2%2Fcomments&post=13960"}],"version-history":[{"count":4,"href":"https:\/\/www.randabergskolen.no\/grodem\/index.php?rest_route=\/wp\/v2\/posts\/13960\/revisions"}],"predecessor-version":[{"id":13966,"href":"https:\/\/www.randabergskolen.no\/grodem\/index.php?rest_route=\/wp\/v2\/posts\/13960\/revisions\/13966"}],"wp:featuredmedia":[{"embeddable":true,"href":"https:\/\/www.randabergskolen.no\/grodem\/index.php?rest_route=\/wp\/v2\/media\/13963"}],"wp:attachment":[{"href":"https:\/\/www.randabergskolen.no\/grodem\/index.php?rest_route=%2Fwp%2Fv2%2Fmedia&parent=13960"}],"wp:term":[{"taxonomy":"category","embeddable":true,"href":"https:\/\/www.randabergskolen.no\/grodem\/index.php?rest_route=%2Fwp%2Fv2%2Fcategories&post=13960"},{"taxonomy":"post_tag","embeddable":true,"href":"https:\/\/www.randabergskolen.no\/grodem\/index.php?rest_route=%2Fwp%2Fv2%2Ftags&post=13960"}],"curies":[{"name":"wp","href":"https:\/\/api.w.org\/{rel}","templated":true}]}}