{"id":13931,"date":"2025-06-16T11:42:17","date_gmt":"2025-06-16T09:42:17","guid":{"rendered":"https:\/\/www.randabergskolen.no\/grodem\/?p=13931"},"modified":"2025-06-16T11:42:17","modified_gmt":"2025-06-16T09:42:17","slug":"kjekt-med-sommerles","status":"publish","type":"post","link":"https:\/\/www.randabergskolen.no\/grodem\/?p=13931","title":{"rendered":"Kjekt med Sommerles!"},"content":{"rendered":"\n<p>N\u00e5 er \u00e5rets sommerles-prosjekt i gang.\u00a0 H\u00e5per p\u00e5 at flest mulig fra Gr\u00f8dem skole har lyst til \u00e5 melde seg p\u00e5.Kjekt \u00e5 finne roen med late dager og en bok i h\u00e5nden! Disse jentene fra 3a er i alle fall motiverte for \u00e5 lese i sommer.<\/p>\n\n\n\n<figure class=\"wp-block-gallery has-nested-images columns-default is-cropped wp-block-gallery-1 is-layout-flex wp-block-gallery-is-layout-flex\">\n<figure class=\"wp-block-image size-large\"><img loading=\"lazy\" decoding=\"async\" width=\"1024\" height=\"576\" data-id=\"13934\" src=\"https:\/\/www.randabergskolen.no\/grodem\/wp-content\/uploads\/sites\/12\/2025\/06\/Bli-med-2025-Thumbnail-1-1024x576.jpg\" alt=\"\" class=\"wp-image-13934\" srcset=\"https:\/\/www.randabergskolen.no\/grodem\/wp-content\/uploads\/sites\/12\/2025\/06\/Bli-med-2025-Thumbnail-1-1024x576.jpg 1024w, https:\/\/www.randabergskolen.no\/grodem\/wp-content\/uploads\/sites\/12\/2025\/06\/Bli-med-2025-Thumbnail-1-300x169.jpg 300w, https:\/\/www.randabergskolen.no\/grodem\/wp-content\/uploads\/sites\/12\/2025\/06\/Bli-med-2025-Thumbnail-1-768x432.jpg 768w, https:\/\/www.randabergskolen.no\/grodem\/wp-content\/uploads\/sites\/12\/2025\/06\/Bli-med-2025-Thumbnail-1-1536x864.jpg 1536w, https:\/\/www.randabergskolen.no\/grodem\/wp-content\/uploads\/sites\/12\/2025\/06\/Bli-med-2025-Thumbnail-1.jpg 1920w\" sizes=\"auto, (max-width: 1024px) 100vw, 1024px\" \/><\/figure>\n\n\n\n<figure class=\"wp-block-image size-large\"><img loading=\"lazy\" decoding=\"async\" width=\"868\" height=\"651\" data-id=\"13935\" src=\"https:\/\/www.randabergskolen.no\/grodem\/wp-content\/uploads\/sites\/12\/2025\/06\/Screenshot-2025-06-16-09.36.07-1.png\" alt=\"\" class=\"wp-image-13935\" srcset=\"https:\/\/www.randabergskolen.no\/grodem\/wp-content\/uploads\/sites\/12\/2025\/06\/Screenshot-2025-06-16-09.36.07-1.png 868w, https:\/\/www.randabergskolen.no\/grodem\/wp-content\/uploads\/sites\/12\/2025\/06\/Screenshot-2025-06-16-09.36.07-1-300x225.png 300w, https:\/\/www.randabergskolen.no\/grodem\/wp-content\/uploads\/sites\/12\/2025\/06\/Screenshot-2025-06-16-09.36.07-1-768x576.png 768w\" sizes=\"auto, (max-width: 868px) 100vw, 868px\" \/><\/figure>\n\n\n\n<figure class=\"wp-block-image size-large\"><img loading=\"lazy\" decoding=\"async\" width=\"868\" height=\"651\" data-id=\"13936\" src=\"https:\/\/www.randabergskolen.no\/grodem\/wp-content\/uploads\/sites\/12\/2025\/06\/Screenshot-2025-06-16-09.35.52.png\" alt=\"\" class=\"wp-image-13936\" srcset=\"https:\/\/www.randabergskolen.no\/grodem\/wp-content\/uploads\/sites\/12\/2025\/06\/Screenshot-2025-06-16-09.35.52.png 868w, https:\/\/www.randabergskolen.no\/grodem\/wp-content\/uploads\/sites\/12\/2025\/06\/Screenshot-2025-06-16-09.35.52-300x225.png 300w, https:\/\/www.randabergskolen.no\/grodem\/wp-content\/uploads\/sites\/12\/2025\/06\/Screenshot-2025-06-16-09.35.52-768x576.png 768w\" sizes=\"auto, (max-width: 868px) 100vw, 868px\" \/><\/figure>\n<\/figure>\n\n\n\n<p><\/p>\n","protected":false},"excerpt":{"rendered":"<p>N\u00e5 er \u00e5rets sommerles-prosjekt i gang.\u00a0 H\u00e5per p\u00e5 at flest mulig fra Gr\u00f8dem skole har lyst til \u00e5 melde seg p\u00e5.Kjekt \u00e5 finne roen med late dager og en bok i h\u00e5nden! Disse jentene fra 3a er i alle fall motiverte for \u00e5 lese i sommer.<\/p>\n","protected":false},"author":518,"featured_media":13932,"comment_status":"closed","ping_status":"","sticky":false,"template":"","format":"standard","meta":{"footnotes":""},"categories":[1],"tags":[61,62],"class_list":["post-13931","post","type-post","status-publish","format-standard","has-post-thumbnail","hentry","category-ukategorisert","tag-bibliotek","tag-lesing"],"_links":{"self":[{"href":"https:\/\/www.randabergskolen.no\/grodem\/index.php?rest_route=\/wp\/v2\/posts\/13931","targetHints":{"allow":["GET"]}}],"collection":[{"href":"https:\/\/www.randabergskolen.no\/grodem\/index.php?rest_route=\/wp\/v2\/posts"}],"about":[{"href":"https:\/\/www.randabergskolen.no\/grodem\/index.php?rest_route=\/wp\/v2\/types\/post"}],"author":[{"embeddable":true,"href":"https:\/\/www.randabergskolen.no\/grodem\/index.php?rest_route=\/wp\/v2\/users\/518"}],"replies":[{"embeddable":true,"href":"https:\/\/www.randabergskolen.no\/grodem\/index.php?rest_route=%2Fwp%2Fv2%2Fcomments&post=13931"}],"version-history":[{"count":1,"href":"https:\/\/www.randabergskolen.no\/grodem\/index.php?rest_route=\/wp\/v2\/posts\/13931\/revisions"}],"predecessor-version":[{"id":13937,"href":"https:\/\/www.randabergskolen.no\/grodem\/index.php?rest_route=\/wp\/v2\/posts\/13931\/revisions\/13937"}],"wp:featuredmedia":[{"embeddable":true,"href":"https:\/\/www.randabergskolen.no\/grodem\/index.php?rest_route=\/wp\/v2\/media\/13932"}],"wp:attachment":[{"href":"https:\/\/www.randabergskolen.no\/grodem\/index.php?rest_route=%2Fwp%2Fv2%2Fmedia&parent=13931"}],"wp:term":[{"taxonomy":"category","embeddable":true,"href":"https:\/\/www.randabergskolen.no\/grodem\/index.php?rest_route=%2Fwp%2Fv2%2Fcategories&post=13931"},{"taxonomy":"post_tag","embeddable":true,"href":"https:\/\/www.randabergskolen.no\/grodem\/index.php?rest_route=%2Fwp%2Fv2%2Ftags&post=13931"}],"curies":[{"name":"wp","href":"https:\/\/api.w.org\/{rel}","templated":true}]}}