{"id":13926,"date":"2025-06-12T15:58:50","date_gmt":"2025-06-12T13:58:50","guid":{"rendered":"https:\/\/www.randabergskolen.no\/grodem\/?p=13926"},"modified":"2025-06-16T12:23:34","modified_gmt":"2025-06-16T10:23:34","slug":"stor-suksess-for-byttedag-under-baerekraftuken","status":"publish","type":"post","link":"https:\/\/www.randabergskolen.no\/grodem\/?p=13926","title":{"rendered":"Stor suksess for byttedag under b\u00e6rekraftuken!"},"content":{"rendered":"\n<p>Under \u00e5rets b\u00e6rekraftsuke p\u00e5 mellomtrinnet tok 7. trinn initiativ til noe helt spesielt- en byttedag for kl\u00e6r som ble en ekte vinner. <\/p>\n\n\n\n<p>Arrangementet var \u00e5pent for alle elever p\u00e5 4.- 7. trinn, og konseptet var enkelt og greit: Ta med kl\u00e6r du ikke bruker lengre, og finn noe &laquo;nytt&raquo; til garderoben din. Responsen var fantastisk, og mange elever gikk hjem med armene fulle av spennende funn. <\/p>\n\n\n\n<p>Byttedagen viste seg \u00e5 v\u00e6re en perfekt kombinasjon av milj\u00f8bevissthet og glede. <\/p>\n\n\n\n<p>Vi er utrolig stolte av 7. trinn som tok initiativ til dette flotte arrangementet!<\/p>\n\n\n\n<figure class=\"wp-block-gallery has-nested-images columns-default is-cropped wp-block-gallery-1 is-layout-flex wp-block-gallery-is-layout-flex\">\n<figure class=\"wp-block-image size-large\"><img loading=\"lazy\" decoding=\"async\" width=\"607\" height=\"802\" data-id=\"13943\" src=\"https:\/\/www.randabergskolen.no\/grodem\/wp-content\/uploads\/sites\/12\/2025\/06\/byttedag4-1.png\" alt=\"\" class=\"wp-image-13943\" srcset=\"https:\/\/www.randabergskolen.no\/grodem\/wp-content\/uploads\/sites\/12\/2025\/06\/byttedag4-1.png 607w, https:\/\/www.randabergskolen.no\/grodem\/wp-content\/uploads\/sites\/12\/2025\/06\/byttedag4-1-227x300.png 227w\" sizes=\"auto, (max-width: 607px) 100vw, 607px\" \/><\/figure>\n\n\n\n<figure class=\"wp-block-image size-large\"><img loading=\"lazy\" decoding=\"async\" width=\"1024\" height=\"765\" data-id=\"13944\" src=\"https:\/\/www.randabergskolen.no\/grodem\/wp-content\/uploads\/sites\/12\/2025\/06\/byttedag3-1-1024x765.png\" alt=\"\" class=\"wp-image-13944\" srcset=\"https:\/\/www.randabergskolen.no\/grodem\/wp-content\/uploads\/sites\/12\/2025\/06\/byttedag3-1-1024x765.png 1024w, https:\/\/www.randabergskolen.no\/grodem\/wp-content\/uploads\/sites\/12\/2025\/06\/byttedag3-1-300x224.png 300w, https:\/\/www.randabergskolen.no\/grodem\/wp-content\/uploads\/sites\/12\/2025\/06\/byttedag3-1-768x573.png 768w, https:\/\/www.randabergskolen.no\/grodem\/wp-content\/uploads\/sites\/12\/2025\/06\/byttedag3-1.png 1042w\" sizes=\"auto, (max-width: 1024px) 100vw, 1024px\" \/><\/figure>\n\n\n\n<figure class=\"wp-block-image size-large\"><img loading=\"lazy\" decoding=\"async\" width=\"948\" height=\"795\" data-id=\"13945\" src=\"https:\/\/www.randabergskolen.no\/grodem\/wp-content\/uploads\/sites\/12\/2025\/06\/byttedag2-1.png\" alt=\"\" class=\"wp-image-13945\" srcset=\"https:\/\/www.randabergskolen.no\/grodem\/wp-content\/uploads\/sites\/12\/2025\/06\/byttedag2-1.png 948w, https:\/\/www.randabergskolen.no\/grodem\/wp-content\/uploads\/sites\/12\/2025\/06\/byttedag2-1-300x252.png 300w, https:\/\/www.randabergskolen.no\/grodem\/wp-content\/uploads\/sites\/12\/2025\/06\/byttedag2-1-768x644.png 768w\" sizes=\"auto, (max-width: 948px) 100vw, 948px\" \/><\/figure>\n\n\n\n<figure class=\"wp-block-image size-large\"><img loading=\"lazy\" decoding=\"async\" width=\"1024\" height=\"768\" data-id=\"13946\" src=\"https:\/\/www.randabergskolen.no\/grodem\/wp-content\/uploads\/sites\/12\/2025\/06\/byttedag-1-1-1024x768.png\" alt=\"\" class=\"wp-image-13946\" srcset=\"https:\/\/www.randabergskolen.no\/grodem\/wp-content\/uploads\/sites\/12\/2025\/06\/byttedag-1-1-1024x768.png 1024w, https:\/\/www.randabergskolen.no\/grodem\/wp-content\/uploads\/sites\/12\/2025\/06\/byttedag-1-1-300x225.png 300w, https:\/\/www.randabergskolen.no\/grodem\/wp-content\/uploads\/sites\/12\/2025\/06\/byttedag-1-1-768x576.png 768w, https:\/\/www.randabergskolen.no\/grodem\/wp-content\/uploads\/sites\/12\/2025\/06\/byttedag-1-1.png 1060w\" sizes=\"auto, (max-width: 1024px) 100vw, 1024px\" \/><\/figure>\n<\/figure>\n","protected":false},"excerpt":{"rendered":"<p>Under \u00e5rets b\u00e6rekraftsuke p\u00e5 mellomtrinnet tok 7. trinn initiativ til noe helt spesielt- en byttedag for kl\u00e6r som ble en ekte vinner. Arrangementet var \u00e5pent for alle elever p\u00e5 4.- 7. trinn, og konseptet var enkelt og greit: Ta med kl\u00e6r du ikke bruker lengre, og finn noe &laquo;nytt&raquo; til garderoben din. Responsen var fantastisk, [&hellip;]<\/p>\n","protected":false},"author":500,"featured_media":13938,"comment_status":"closed","ping_status":"","sticky":false,"template":"","format":"standard","meta":{"footnotes":""},"categories":[1],"tags":[],"class_list":["post-13926","post","type-post","status-publish","format-standard","has-post-thumbnail","hentry","category-ukategorisert"],"_links":{"self":[{"href":"https:\/\/www.randabergskolen.no\/grodem\/index.php?rest_route=\/wp\/v2\/posts\/13926","targetHints":{"allow":["GET"]}}],"collection":[{"href":"https:\/\/www.randabergskolen.no\/grodem\/index.php?rest_route=\/wp\/v2\/posts"}],"about":[{"href":"https:\/\/www.randabergskolen.no\/grodem\/index.php?rest_route=\/wp\/v2\/types\/post"}],"author":[{"embeddable":true,"href":"https:\/\/www.randabergskolen.no\/grodem\/index.php?rest_route=\/wp\/v2\/users\/500"}],"replies":[{"embeddable":true,"href":"https:\/\/www.randabergskolen.no\/grodem\/index.php?rest_route=%2Fwp%2Fv2%2Fcomments&post=13926"}],"version-history":[{"count":3,"href":"https:\/\/www.randabergskolen.no\/grodem\/index.php?rest_route=\/wp\/v2\/posts\/13926\/revisions"}],"predecessor-version":[{"id":13948,"href":"https:\/\/www.randabergskolen.no\/grodem\/index.php?rest_route=\/wp\/v2\/posts\/13926\/revisions\/13948"}],"wp:featuredmedia":[{"embeddable":true,"href":"https:\/\/www.randabergskolen.no\/grodem\/index.php?rest_route=\/wp\/v2\/media\/13938"}],"wp:attachment":[{"href":"https:\/\/www.randabergskolen.no\/grodem\/index.php?rest_route=%2Fwp%2Fv2%2Fmedia&parent=13926"}],"wp:term":[{"taxonomy":"category","embeddable":true,"href":"https:\/\/www.randabergskolen.no\/grodem\/index.php?rest_route=%2Fwp%2Fv2%2Fcategories&post=13926"},{"taxonomy":"post_tag","embeddable":true,"href":"https:\/\/www.randabergskolen.no\/grodem\/index.php?rest_route=%2Fwp%2Fv2%2Ftags&post=13926"}],"curies":[{"name":"wp","href":"https:\/\/api.w.org\/{rel}","templated":true}]}}