{"id":13696,"date":"2024-08-22T12:15:00","date_gmt":"2024-08-22T10:15:00","guid":{"rendered":"https:\/\/www.randabergskolen.no\/grodem\/?p=13696"},"modified":"2024-08-21T22:20:25","modified_gmt":"2024-08-21T20:20:25","slug":"hva-er-lov-og-ikke-pa-grodem-skole-2","status":"publish","type":"post","link":"https:\/\/www.randabergskolen.no\/grodem\/?p=13696","title":{"rendered":"Hva er lov og ikke p\u00e5 Gr\u00f8dem skole?"},"content":{"rendered":"\n<p><strong><em>P\u00e5 Gr\u00f8dem skole er det 602 elever, 1200+ foresatte og 90 ansatte. Det er ulike kj\u00f8nn, interesser, alder og bakgrunn. For at dette ikke skal bli totalt kaos s\u00e5 har vi regler, verdier og standarder. Disse m\u00e5 l\u00e6res og f\u00f8lges, og av og til justeres i takt med tiden. Skal vi v\u00e6re \u00abmotvekt\u00bb mot en trend eller skal vi \u00abforsterke\u00bb den? Skal vi forby eller kan vi l\u00e6re elevene hva som er lurt\/lov?<\/em><\/strong>\u00a0<strong><em>Hvem skriker h\u00f8yest, og hvilke hensyn skal vektlegges mest?<\/em><\/strong><\/p>\n\n\n\n<p>P\u00e5 Gr\u00f8dem skole \u00f8nsker vi at de tre \u00abbrukergruppene\u00bb v\u00e5r f\u00e5r delta i denne diskusjonen. Elevene via elevr\u00e5det, foresatte via FAU og ansatte i medbestemmelse og andre interne fora. Det vi har kommet frem til kan du lese i heftet \u00ab<a rel=\"noreferrer noopener\" href=\"https:\/\/docs.google.com\/document\/d\/10lgMG74ZQ_n2-6yn39sDjv5Ohym8uWh-26z2r865q_4\/edit?usp=sharing\" target=\"_blank\">Informasjon og tillatelser<\/a>\u00ab. I tillegg har skolen interne dokumenter som regulerer arbeidsforholdet til ansatte. Alle er ikke enig i alt, og noe kan tolkes. Av og til m\u00e5 vi ta s\u00e6rskilte hensyn ogs\u00e5. Verden er ikke sort\/hvit, men en eller annen nyanse av gr\u00e5. Kanskje frustrerende til tider, men m\u00e5let er tydelig uansett. Vi skal sammen gj\u00f8re barn og unge i stand til \u00e5 bidra til at Norge f\u00e5r l\u00f8st sine samfunnsoppgaver og utvikler seg. Det skal de gj\u00f8re samtidig som de gifter seg og f\u00e5r \u00ablappen\u00bb. Motstand, sorg og gleder fordeles ujevnt i tid og omfang p\u00e5 livets vei. S\u00e5 enkelt, og s\u00e5 vanskelig.<\/p>\n\n\n\n<p>Form\u00e5let med \u00e5 skrive dette er egentlig bare \u00e5 dele \u00ab<a rel=\"noreferrer noopener\" href=\"https:\/\/docs.google.com\/document\/d\/10lgMG74ZQ_n2-6yn39sDjv5Ohym8uWh-26z2r865q_4\/edit?usp=sharing\" target=\"_blank\">Informasjon og tillatelser<\/a>\u00bb heftet, slik at du der hjemme kan lese det. N\u00e5r vi da har felles utgangspunkt s\u00e5 er det lettere \u00e5 diskutere nyansene og endringer hvis det er behov. Det gj\u00f8r vi i de fora som er satt til det for \u00e5 sikre at det blir ryddig, og mest mulig rettferdig. Vi gj\u00f8r det ogs\u00e5 slik for at hvis alt skal endres hele tiden, s\u00e5 blir alt uklart. Uklarhet skaper utrygghet og kaos.<\/p>\n\n\n\n<p>S\u00e6rlig fokus i \u00e5r er rettet mot standardene v\u00e5r. De ble utviklet i Respektprogrammet sammen med L\u00e6ringsmilj\u00f8senteret i sin tid. N\u00e5 henger de synlig i alle klasserom. Hvorfor? For det er viktig. For vi ikke \u00f8nsker kaos. Ganske fint egentlig.<\/p>\n\n\n\n<p><em>P.S. Hvis du trykket p\u00e5 saken p\u00e5 grunn av bildet med smartklokken, s\u00e5 er svaret at det ikke er lov p\u00e5 skolen. Det regnes som mobiltelefon.<\/em><\/p>\n\n\n\n<figure class=\"wp-block-gallery has-nested-images columns-default is-cropped wp-block-gallery-1 is-layout-flex wp-block-gallery-is-layout-flex\">\n<figure class=\"wp-block-image size-large\"><img loading=\"lazy\" decoding=\"async\" width=\"898\" height=\"605\" data-id=\"13060\" src=\"https:\/\/www.randabergskolen.no\/grodem\/wp-content\/uploads\/sites\/12\/2023\/08\/Standard-for-arbeid-i-klasserommet.jpg\" alt=\"\" class=\"wp-image-13060\" srcset=\"https:\/\/www.randabergskolen.no\/grodem\/wp-content\/uploads\/sites\/12\/2023\/08\/Standard-for-arbeid-i-klasserommet.jpg 898w, https:\/\/www.randabergskolen.no\/grodem\/wp-content\/uploads\/sites\/12\/2023\/08\/Standard-for-arbeid-i-klasserommet-300x202.jpg 300w, https:\/\/www.randabergskolen.no\/grodem\/wp-content\/uploads\/sites\/12\/2023\/08\/Standard-for-arbeid-i-klasserommet-768x517.jpg 768w\" sizes=\"auto, (max-width: 898px) 100vw, 898px\" \/><\/figure>\n\n\n\n<figure class=\"wp-block-image size-large\"><img loading=\"lazy\" decoding=\"async\" width=\"883\" height=\"585\" data-id=\"13058\" src=\"https:\/\/www.randabergskolen.no\/grodem\/wp-content\/uploads\/sites\/12\/2023\/08\/Standard-god-oppforsel.jpg\" alt=\"\" class=\"wp-image-13058\" srcset=\"https:\/\/www.randabergskolen.no\/grodem\/wp-content\/uploads\/sites\/12\/2023\/08\/Standard-god-oppforsel.jpg 883w, https:\/\/www.randabergskolen.no\/grodem\/wp-content\/uploads\/sites\/12\/2023\/08\/Standard-god-oppforsel-300x199.jpg 300w, https:\/\/www.randabergskolen.no\/grodem\/wp-content\/uploads\/sites\/12\/2023\/08\/Standard-god-oppforsel-768x509.jpg 768w\" sizes=\"auto, (max-width: 883px) 100vw, 883px\" \/><\/figure>\n\n\n\n<figure class=\"wp-block-image size-large\"><img loading=\"lazy\" decoding=\"async\" width=\"884\" height=\"574\" data-id=\"13059\" src=\"https:\/\/www.randabergskolen.no\/grodem\/wp-content\/uploads\/sites\/12\/2023\/08\/Standard-vakt.jpg\" alt=\"\" class=\"wp-image-13059\" srcset=\"https:\/\/www.randabergskolen.no\/grodem\/wp-content\/uploads\/sites\/12\/2023\/08\/Standard-vakt.jpg 884w, https:\/\/www.randabergskolen.no\/grodem\/wp-content\/uploads\/sites\/12\/2023\/08\/Standard-vakt-300x195.jpg 300w, https:\/\/www.randabergskolen.no\/grodem\/wp-content\/uploads\/sites\/12\/2023\/08\/Standard-vakt-768x499.jpg 768w\" sizes=\"auto, (max-width: 884px) 100vw, 884px\" \/><\/figure>\n<\/figure>\n","protected":false},"excerpt":{"rendered":"<p>P\u00e5 Gr\u00f8dem skole er det 602 elever, 1200+ foresatte og 90 ansatte. Det er ulike kj\u00f8nn, interesser, alder og bakgrunn. For at dette ikke skal bli totalt kaos s\u00e5 har vi regler, verdier og standarder. Disse m\u00e5 l\u00e6res og f\u00f8lges, og av og til justeres i takt med tiden. Skal vi v\u00e6re \u00abmotvekt\u00bb mot en [&hellip;]<\/p>\n","protected":false},"author":198,"featured_media":13607,"comment_status":"closed","ping_status":"","sticky":false,"template":"","format":"standard","meta":{"footnotes":""},"categories":[1],"tags":[],"class_list":["post-13696","post","type-post","status-publish","format-standard","has-post-thumbnail","hentry","category-ukategorisert"],"_links":{"self":[{"href":"https:\/\/www.randabergskolen.no\/grodem\/index.php?rest_route=\/wp\/v2\/posts\/13696","targetHints":{"allow":["GET"]}}],"collection":[{"href":"https:\/\/www.randabergskolen.no\/grodem\/index.php?rest_route=\/wp\/v2\/posts"}],"about":[{"href":"https:\/\/www.randabergskolen.no\/grodem\/index.php?rest_route=\/wp\/v2\/types\/post"}],"author":[{"embeddable":true,"href":"https:\/\/www.randabergskolen.no\/grodem\/index.php?rest_route=\/wp\/v2\/users\/198"}],"replies":[{"embeddable":true,"href":"https:\/\/www.randabergskolen.no\/grodem\/index.php?rest_route=%2Fwp%2Fv2%2Fcomments&post=13696"}],"version-history":[{"count":1,"href":"https:\/\/www.randabergskolen.no\/grodem\/index.php?rest_route=\/wp\/v2\/posts\/13696\/revisions"}],"predecessor-version":[{"id":13698,"href":"https:\/\/www.randabergskolen.no\/grodem\/index.php?rest_route=\/wp\/v2\/posts\/13696\/revisions\/13698"}],"wp:featuredmedia":[{"embeddable":true,"href":"https:\/\/www.randabergskolen.no\/grodem\/index.php?rest_route=\/wp\/v2\/media\/13607"}],"wp:attachment":[{"href":"https:\/\/www.randabergskolen.no\/grodem\/index.php?rest_route=%2Fwp%2Fv2%2Fmedia&parent=13696"}],"wp:term":[{"taxonomy":"category","embeddable":true,"href":"https:\/\/www.randabergskolen.no\/grodem\/index.php?rest_route=%2Fwp%2Fv2%2Fcategories&post=13696"},{"taxonomy":"post_tag","embeddable":true,"href":"https:\/\/www.randabergskolen.no\/grodem\/index.php?rest_route=%2Fwp%2Fv2%2Ftags&post=13696"}],"curies":[{"name":"wp","href":"https:\/\/api.w.org\/{rel}","templated":true}]}}