{"id":12549,"date":"2022-10-12T08:14:32","date_gmt":"2022-10-12T06:14:32","guid":{"rendered":"https:\/\/www.randabergskolen.no\/grodem\/?p=12549"},"modified":"2022-10-13T08:55:40","modified_gmt":"2022-10-13T06:55:40","slug":"mer-praktisk-og-variert-opplaering-ja-takk","status":"publish","type":"post","link":"https:\/\/www.randabergskolen.no\/grodem\/?p=12549","title":{"rendered":"Mer praktisk og variert oppl\u00e6ring? Ja, takk!"},"content":{"rendered":"<p><em><strong>Elevene v\u00e5re svarer i Elevunders\u00f8kelsen at oppl\u00e6ringen er for lite praktisk og variert. Dette til tross for at det lages mat hver uke og spesialrom benyttes hyppig. Hva er det elevene ikke forst\u00e5r?<img loading=\"lazy\" decoding=\"async\" class=\"alignright size-medium wp-image-12552\" src=\"https:\/\/www.randabergskolen.no\/grodem\/wp-content\/uploads\/sites\/12\/2022\/10\/IMG_2123-225x300.jpg\" alt=\"\" width=\"225\" height=\"300\" srcset=\"https:\/\/www.randabergskolen.no\/grodem\/wp-content\/uploads\/sites\/12\/2022\/10\/IMG_2123-225x300.jpg 225w, https:\/\/www.randabergskolen.no\/grodem\/wp-content\/uploads\/sites\/12\/2022\/10\/IMG_2123-768x1024.jpg 768w, https:\/\/www.randabergskolen.no\/grodem\/wp-content\/uploads\/sites\/12\/2022\/10\/IMG_2123.jpg 900w\" sizes=\"auto, (max-width: 225px) 100vw, 225px\" \/><\/strong><\/em><\/p>\n<p><span style=\"font-weight: 400\">Vi snudde sp\u00f8rsm\u00e5let til hva er det vi ikke forst\u00e5r? Svaret vi kom frem til er at vi har praktiske fag og vi har teoretiske fag. Ikke sammenvevd, men som to ulike verdener som sjeldent m\u00f8tes. I mat og helse m\u00e5ler vi desiliter med vann og m\u00e5lebeger. I matematikken regner vi med desiliter. Nasjonale pr\u00f8ver forteller oss at elevene ikke ser sammenhengen. Hvorfor g\u00e5r ikke matematikkl\u00e6reren inn p\u00e5 mat &amp; helse rommet med elevene sine?<\/span><\/p>\n<p>Svaret p\u00e5 det sp\u00f8rsm\u00e5let har gjort at vi n\u00e5 investerer 200.000 kr i 3D printere, vinylkuttere, 3D scanner og mye, mye mer. Hvorfor? For \u00e5 gi l\u00e6rere og elever utstyr og mulighet til \u00e5 gjennomf\u00f8re mer praktisk, variert og relevant oppl\u00e6ring. Vi har tro p\u00e5 at vi gjennom de teoritunge fagene kan finne mulighet til \u00e5 utforske og ta i bruk teknologi slik av elevene v\u00e5r m\u00f8ter verden utenfor skolen enda mer forberedt enn f\u00f8r.<\/p>\n<div id='gallery-1' class='gallery galleryid-12549 gallery-columns-2 gallery-size-large'><figure class='gallery-item'>\n\t\t\t<div class='gallery-icon portrait'>\n\t\t\t\t<a href='https:\/\/www.randabergskolen.no\/grodem\/?attachment_id=12550'><img loading=\"lazy\" decoding=\"async\" width=\"768\" height=\"1024\" src=\"https:\/\/www.randabergskolen.no\/grodem\/wp-content\/uploads\/sites\/12\/2022\/10\/IMG_2125-768x1024.jpg\" class=\"attachment-large size-large\" alt=\"\" srcset=\"https:\/\/www.randabergskolen.no\/grodem\/wp-content\/uploads\/sites\/12\/2022\/10\/IMG_2125-768x1024.jpg 768w, https:\/\/www.randabergskolen.no\/grodem\/wp-content\/uploads\/sites\/12\/2022\/10\/IMG_2125-225x300.jpg 225w, https:\/\/www.randabergskolen.no\/grodem\/wp-content\/uploads\/sites\/12\/2022\/10\/IMG_2125.jpg 900w\" sizes=\"auto, (max-width: 768px) 100vw, 768px\" \/><\/a>\n\t\t\t<\/div><\/figure><figure class='gallery-item'>\n\t\t\t<div class='gallery-icon portrait'>\n\t\t\t\t<a href='https:\/\/www.randabergskolen.no\/grodem\/?attachment_id=12551'><img loading=\"lazy\" decoding=\"async\" width=\"768\" height=\"1024\" src=\"https:\/\/www.randabergskolen.no\/grodem\/wp-content\/uploads\/sites\/12\/2022\/10\/IMG_2124-768x1024.jpg\" class=\"attachment-large size-large\" alt=\"\" srcset=\"https:\/\/www.randabergskolen.no\/grodem\/wp-content\/uploads\/sites\/12\/2022\/10\/IMG_2124-768x1024.jpg 768w, https:\/\/www.randabergskolen.no\/grodem\/wp-content\/uploads\/sites\/12\/2022\/10\/IMG_2124-225x300.jpg 225w, https:\/\/www.randabergskolen.no\/grodem\/wp-content\/uploads\/sites\/12\/2022\/10\/IMG_2124.jpg 900w\" sizes=\"auto, (max-width: 768px) 100vw, 768px\" \/><\/a>\n\t\t\t<\/div><\/figure>\n\t\t<\/div>\n\n<p>1.-4. trinn tar konkreter inn i klasserommene, mens resten av skolen f\u00e5r tilgang til utstyret i rommet v\u00e5rt. Ikke klart enda, men det n\u00e6rmer seg! Det er bare \u00e5 glede seg!<\/p>\n<p>&nbsp;<\/p>\n","protected":false},"excerpt":{"rendered":"<p>Elevene v\u00e5re svarer i Elevunders\u00f8kelsen at oppl\u00e6ringen er for lite praktisk og variert. Dette til tross for at det lages mat hver uke og spesialrom benyttes hyppig. Hva er det elevene ikke forst\u00e5r? Vi snudde sp\u00f8rsm\u00e5let til hva er det vi ikke forst\u00e5r? Svaret vi kom frem til er at vi har praktiske fag og [&hellip;]<\/p>\n","protected":false},"author":198,"featured_media":0,"comment_status":"closed","ping_status":"closed","sticky":false,"template":"","format":"standard","meta":{"footnotes":""},"categories":[2,3,4,5,6,7,8,9,10,11],"tags":[],"class_list":["post-12549","post","type-post","status-publish","format-standard","hentry","category-1trinn","category-10trinn","category-2trinn","category-3trinn","category-4trinn","category-5trinn","category-6trinn","category-7trinn","category-8trinn","category-9trinn"],"_links":{"self":[{"href":"https:\/\/www.randabergskolen.no\/grodem\/index.php?rest_route=\/wp\/v2\/posts\/12549","targetHints":{"allow":["GET"]}}],"collection":[{"href":"https:\/\/www.randabergskolen.no\/grodem\/index.php?rest_route=\/wp\/v2\/posts"}],"about":[{"href":"https:\/\/www.randabergskolen.no\/grodem\/index.php?rest_route=\/wp\/v2\/types\/post"}],"author":[{"embeddable":true,"href":"https:\/\/www.randabergskolen.no\/grodem\/index.php?rest_route=\/wp\/v2\/users\/198"}],"replies":[{"embeddable":true,"href":"https:\/\/www.randabergskolen.no\/grodem\/index.php?rest_route=%2Fwp%2Fv2%2Fcomments&post=12549"}],"version-history":[{"count":3,"href":"https:\/\/www.randabergskolen.no\/grodem\/index.php?rest_route=\/wp\/v2\/posts\/12549\/revisions"}],"predecessor-version":[{"id":13083,"href":"https:\/\/www.randabergskolen.no\/grodem\/index.php?rest_route=\/wp\/v2\/posts\/12549\/revisions\/13083"}],"wp:attachment":[{"href":"https:\/\/www.randabergskolen.no\/grodem\/index.php?rest_route=%2Fwp%2Fv2%2Fmedia&parent=12549"}],"wp:term":[{"taxonomy":"category","embeddable":true,"href":"https:\/\/www.randabergskolen.no\/grodem\/index.php?rest_route=%2Fwp%2Fv2%2Fcategories&post=12549"},{"taxonomy":"post_tag","embeddable":true,"href":"https:\/\/www.randabergskolen.no\/grodem\/index.php?rest_route=%2Fwp%2Fv2%2Ftags&post=12549"}],"curies":[{"name":"wp","href":"https:\/\/api.w.org\/{rel}","templated":true}]}}